{"id":20827,"date":"2025-03-28T06:25:02","date_gmt":"2025-03-28T09:25:02","guid":{"rendered":"https:\/\/mendozafacil.com.ar\/?p=20827"},"modified":"2025-12-13T20:06:11","modified_gmt":"2025-12-13T23:06:11","slug":"posada-salentein","status":"publish","type":"post","link":"https:\/\/mendozafacil.com.ar\/pt-br\/posada-salentein\/","title":{"rendered":"Posada Salentein: Um Ref\u00fagio \u00danico no Cora\u00e7\u00e3o do Vale de Uco"},"content":{"rendered":"<p>A <strong>Posada Salentein<\/strong> destaca-se como um lugar excepcional para visitantes que buscam uma experi\u00eancia inesquec\u00edvel em Mendoza. Situada na Finca La Pampa, no belo <strong>Vale de Uco<\/strong>, esta posada combina a eleg\u00e2ncia da arquitetura tradicional mendocina com um ambiente natural impressionante, cercada por vinhedos e com vistas deslumbrantes para a majestosa Cordilheira dos Andes.<\/p>\n<h2>Um Ambiente Natural Inigual\u00e1vel<\/h2>\n<p>A <strong>Posada Salentein<\/strong> n\u00e3o oferece apenas acomoda\u00e7\u00e3o; tamb\u00e9m proporciona uma experi\u00eancia que conecta os visitantes com a natureza. Localizada a apenas 100 quil\u00f4metros da cidade de Mendoza, este ref\u00fagio se encontra no cora\u00e7\u00e3o da <strong>Finca La Pampa<\/strong>. Assim, os h\u00f3spedes podem desfrutar da tranquilidade do campo e da beleza das paisagens. Portanto, a combina\u00e7\u00e3o dos vinhedos e da cordilheira cria um cen\u00e1rio perfeito para relaxar e se desconectar da rotina di\u00e1ria.<\/p>\n<h3>Acomoda\u00e7\u00f5es Confort\u00e1veis e Aconchegantes<\/h3>\n<p>O alojamento na <strong>Posada<\/strong> foi projetado para proporcionar o m\u00e1ximo conforto. Com um total de <strong>14 quartos<\/strong> cercados por jardins, cada um conta com comodidades modernas, incluindo <strong>smart TV<\/strong>, <strong>Wi-Fi<\/strong> e <strong>DirecTV<\/strong>. Al\u00e9m disso, os quartos s\u00e3o espa\u00e7osos e decorados com aten\u00e7\u00e3o aos detalhes, refletindo a autenticidade do lugar. Assim, eles se tornam o ref\u00fagio perfeito ap\u00f3s um dia de explora\u00e7\u00e3o.<\/p>\n<h2>Gastronomia de Alto N\u00edvel<\/h2>\n<p>A experi\u00eancia gastron\u00f4mica na <strong>Posada Salentein<\/strong> \u00e9 outro grande atrativo. O restaurante <strong>San Pablo<\/strong> oferece um menu que combina ingredientes frescos da regi\u00e3o com a criatividade do chef executivo Matias Gil Falc\u00f3n. Os h\u00f3spedes podem disfrutar de um delicioso caf\u00e9 da manh\u00e3, almo\u00e7o e jantar, todos preparados com esmero. Ademais, o restaurante conta com uma sele\u00e7\u00e3o de vinhos da pr\u00f3pria vin\u00edcola, permitindo que os visitantes harmonizem suas refei\u00e7\u00f5es com os melhores vinhos de Salentein.<\/p>\n<h3>Atividades para Todos os Gostos<\/h3>\n<p>Durante a estadia na <strong>Posada Salentein<\/strong>, h\u00e1 uma variedade de atividades dispon\u00edveis que enriquecem a experi\u00eancia. Os h\u00f3spedes t\u00eam a oportunidade de realizar visitas \u00e0s <strong>Bodegas Salentein<\/strong>, onde aprender\u00e3o sobre o processo de vinifica\u00e7\u00e3o e degustar\u00e3o alguns dos melhores vinhos da regi\u00e3o. Al\u00e9m disso, \u00e9 poss\u00edvel visitar a <strong>Galeria de Arte Killka<\/strong> e a <strong>Capela da Gratid\u00e3o<\/strong>, locais que acrescentam valor cultural e espiritual \u00e0 visita.<\/p>\n<h2>Instala\u00e7\u00f5es e Comodidades<\/h2>\n<p>A <strong>Posada<\/strong> n\u00e3o se concentra apenas na experi\u00eancia de hospedagem; tamb\u00e9m oferece instala\u00e7\u00f5es projetadas para o bem-estar de seus h\u00f3spedes. Entre as comodidades dispon\u00edveis, destacam-se uma <strong>piscina<\/strong> de temporada, amplos jardins e a sala de leitura <strong>Numina<\/strong>, que permite aos visitantes desfrutar de um espa\u00e7o tranquilo para trabalhar ou relaxar. Al\u00e9m disso, a posada conta com acesso a uma cava familiar, onde os h\u00f3spedes podem degustar vinhos selecionados em um ambiente exclusivo.<\/p>\n<h3>Conex\u00e3o e Conforto<\/h3>\n<p>A <strong>Posada Salentein<\/strong> se preocupa com o conforto de seus visitantes. Por esse motivo, n\u00e3o s\u00e3o permitidos animais de estima\u00e7\u00e3o, garantindo um ambiente tranquilo e organizado. Para facilitar a estadia, recomenda-se fazer as reservas com anteced\u00eancia atrav\u00e9s dos canais oficiais, assegurando assim uma experi\u00eancia sem contratempos.<\/p>\n<h2>Reservas e Contato<\/h2>\n<p>Para aqueles que desejam desfrutar de uma estadia na <strong>Posada Salentein<\/strong>, o processo de reserva \u00e9 simples. Os interessados podem entrar em contato por meio do e-mail ou WhatsApp fornecidos no site da posada:<\/p>\n<ul>\n<li><strong>Email<\/strong>: <a href=\"mailto:posada@salentein.com\" target=\"_blank\" rel=\"noopener\">posada@salentein.com<\/a><\/li>\n<li><strong>WhatsApp<\/strong>: +549 261 6860153<\/li>\n<\/ul>\n","protected":false},"excerpt":{"rendered":"<p>A Posada Salentein destaca-se como um lugar excepcional para visitantes que buscam uma experi\u00eancia inesquec\u00edvel em Mendoza. Situada na Finca La Pampa, no belo Vale de Uco, esta posada combina a eleg\u00e2ncia da arquitetura tradicional mendocina com um ambiente natural impressionante, cercada por vinhedos e com vistas deslumbrantes para a majestosa Cordilheira dos Andes. Um [&hellip;]<\/p>\n","protected":false},"author":1,"featured_media":28611,"comment_status":"closed","ping_status":"closed","sticky":false,"template":"","format":"standard","meta":{"footnotes":""},"categories":[99],"tags":[],"class_list":["post-20827","post","type-post","status-publish","format-standard","has-post-thumbnail","hentry","category-hotel-2"],"yoast_head":"<!-- This site is optimized with the Yoast SEO plugin v27.4 - https:\/\/yoast.com\/product\/yoast-seo-wordpress\/ -->\n<title>Posada Salentein: Um Ref\u00fagio \u00danico no Cora\u00e7\u00e3o do Vale de Uco - Mendoza F\u00e1cil<\/title>\n<meta name=\"description\" content=\"A Posada Salentein em Mendoza oferece conforto, gastronomia e natureza em um ambiente \u00fanico, ideal para uma experi\u00eancia inesquec\u00edvel.\" \/>\n<meta name=\"robots\" content=\"index, follow, max-snippet:-1, max-image-preview:large, max-video-preview:-1\" \/>\n<link rel=\"canonical\" href=\"https:\/\/mendozafacil.com.ar\/pt-br\/posada-salentein\/\" \/>\n<meta property=\"og:locale\" content=\"pt_BR\" \/>\n<meta property=\"og:type\" content=\"article\" \/>\n<meta property=\"og:title\" content=\"Posada Salentein: Um Ref\u00fagio \u00danico no Cora\u00e7\u00e3o do Vale de Uco - Mendoza F\u00e1cil\" \/>\n<meta property=\"og:description\" content=\"A Posada Salentein em Mendoza oferece conforto, gastronomia e natureza em um ambiente \u00fanico, ideal para uma experi\u00eancia inesquec\u00edvel.\" \/>\n<meta property=\"og:url\" content=\"https:\/\/mendozafacil.com.ar\/pt-br\/posada-salentein\/\" \/>\n<meta property=\"og:site_name\" content=\"Mendoza F\u00e1cil\" \/>\n<meta property=\"article:publisher\" content=\"https:\/\/www.facebook.com\/people\/Mendoza-Fcil\/61551577191815\/?sk=about\" \/>\n<meta property=\"article:published_time\" content=\"2025-03-28T09:25:02+00:00\" \/>\n<meta property=\"article:modified_time\" content=\"2025-12-13T23:06:11+00:00\" \/>\n<meta property=\"og:image\" content=\"https:\/\/mendozafacil.com.ar\/wp-content\/uploads\/2025\/03\/Posada-Salentein-Un-Refugio-Unico-en-el-Corazon-del-Valle-de-Uco.jpg\" \/>\n\t<meta property=\"og:image:width\" content=\"1000\" \/>\n\t<meta property=\"og:image:height\" content=\"600\" \/>\n\t<meta property=\"og:image:type\" content=\"image\/jpeg\" \/>\n<meta name=\"author\" content=\"charles\" \/>\n<meta name=\"twitter:card\" content=\"summary_large_image\" \/>\n<meta name=\"twitter:label1\" content=\"Escrito por\" \/>\n\t<meta name=\"twitter:data1\" content=\"charles\" \/>\n\t<meta name=\"twitter:label2\" content=\"Est. tempo de leitura\" \/>\n\t<meta name=\"twitter:data2\" content=\"3 minutos\" \/>\n<script type=\"application\/ld+json\" class=\"yoast-schema-graph\">{\"@context\":\"https:\\\/\\\/schema.org\",\"@graph\":[{\"@type\":\"Article\",\"@id\":\"https:\\\/\\\/mendozafacil.com.ar\\\/pt-br\\\/posada-salentein\\\/#article\",\"isPartOf\":{\"@id\":\"https:\\\/\\\/mendozafacil.com.ar\\\/pt-br\\\/posada-salentein\\\/\"},\"author\":{\"name\":\"charles\",\"@id\":\"https:\\\/\\\/mendozafacil.com.ar\\\/#\\\/schema\\\/person\\\/6df076c222eafcf5ef8e436c4e1acb9c\"},\"headline\":\"Posada Salentein: Um Ref\u00fagio \u00danico no Cora\u00e7\u00e3o do Vale de Uco\",\"datePublished\":\"2025-03-28T09:25:02+00:00\",\"dateModified\":\"2025-12-13T23:06:11+00:00\",\"mainEntityOfPage\":{\"@id\":\"https:\\\/\\\/mendozafacil.com.ar\\\/pt-br\\\/posada-salentein\\\/\"},\"wordCount\":580,\"publisher\":{\"@id\":\"https:\\\/\\\/mendozafacil.com.ar\\\/#organization\"},\"image\":{\"@id\":\"https:\\\/\\\/mendozafacil.com.ar\\\/pt-br\\\/posada-salentein\\\/#primaryimage\"},\"thumbnailUrl\":\"https:\\\/\\\/mendozafacil.com.ar\\\/wp-content\\\/uploads\\\/2025\\\/03\\\/Posada-Salentein-Un-Refugio-Unico-en-el-Corazon-del-Valle-de-Uco.jpg\",\"articleSection\":[\"Hotel\"],\"inLanguage\":\"pt-BR\"},{\"@type\":\"WebPage\",\"@id\":\"https:\\\/\\\/mendozafacil.com.ar\\\/pt-br\\\/posada-salentein\\\/\",\"url\":\"https:\\\/\\\/mendozafacil.com.ar\\\/pt-br\\\/posada-salentein\\\/\",\"name\":\"Posada Salentein: Um Ref\u00fagio \u00danico no Cora\u00e7\u00e3o do Vale de Uco - Mendoza F\u00e1cil\",\"isPartOf\":{\"@id\":\"https:\\\/\\\/mendozafacil.com.ar\\\/#website\"},\"primaryImageOfPage\":{\"@id\":\"https:\\\/\\\/mendozafacil.com.ar\\\/pt-br\\\/posada-salentein\\\/#primaryimage\"},\"image\":{\"@id\":\"https:\\\/\\\/mendozafacil.com.ar\\\/pt-br\\\/posada-salentein\\\/#primaryimage\"},\"thumbnailUrl\":\"https:\\\/\\\/mendozafacil.com.ar\\\/wp-content\\\/uploads\\\/2025\\\/03\\\/Posada-Salentein-Un-Refugio-Unico-en-el-Corazon-del-Valle-de-Uco.jpg\",\"datePublished\":\"2025-03-28T09:25:02+00:00\",\"dateModified\":\"2025-12-13T23:06:11+00:00\",\"description\":\"A Posada Salentein em Mendoza oferece conforto, gastronomia e natureza em um ambiente \u00fanico, ideal para uma experi\u00eancia inesquec\u00edvel.\",\"breadcrumb\":{\"@id\":\"https:\\\/\\\/mendozafacil.com.ar\\\/pt-br\\\/posada-salentein\\\/#breadcrumb\"},\"inLanguage\":\"pt-BR\",\"potentialAction\":[{\"@type\":\"ReadAction\",\"target\":[\"https:\\\/\\\/mendozafacil.com.ar\\\/pt-br\\\/posada-salentein\\\/\"]}]},{\"@type\":\"ImageObject\",\"inLanguage\":\"pt-BR\",\"@id\":\"https:\\\/\\\/mendozafacil.com.ar\\\/pt-br\\\/posada-salentein\\\/#primaryimage\",\"url\":\"https:\\\/\\\/mendozafacil.com.ar\\\/wp-content\\\/uploads\\\/2025\\\/03\\\/Posada-Salentein-Un-Refugio-Unico-en-el-Corazon-del-Valle-de-Uco.jpg\",\"contentUrl\":\"https:\\\/\\\/mendozafacil.com.ar\\\/wp-content\\\/uploads\\\/2025\\\/03\\\/Posada-Salentein-Un-Refugio-Unico-en-el-Corazon-del-Valle-de-Uco.jpg\",\"width\":1000,\"height\":600,\"caption\":\"Posada Salentein Un Refugio \u00danico en el Coraz\u00f3n del Valle de Uco\"},{\"@type\":\"BreadcrumbList\",\"@id\":\"https:\\\/\\\/mendozafacil.com.ar\\\/pt-br\\\/posada-salentein\\\/#breadcrumb\",\"itemListElement\":[{\"@type\":\"ListItem\",\"position\":1,\"name\":\"Portada\",\"item\":\"https:\\\/\\\/mendozafacil.com.ar\\\/\"},{\"@type\":\"ListItem\",\"position\":2,\"name\":\"Posada Salentein: Um Ref\u00fagio \u00danico no Cora\u00e7\u00e3o do Vale de Uco\"}]},{\"@type\":\"WebSite\",\"@id\":\"https:\\\/\\\/mendozafacil.com.ar\\\/#website\",\"url\":\"https:\\\/\\\/mendozafacil.com.ar\\\/\",\"name\":\"Mendoza Facil\",\"description\":\"Conozca Mendoza\",\"publisher\":{\"@id\":\"https:\\\/\\\/mendozafacil.com.ar\\\/#organization\"},\"potentialAction\":[{\"@type\":\"SearchAction\",\"target\":{\"@type\":\"EntryPoint\",\"urlTemplate\":\"https:\\\/\\\/mendozafacil.com.ar\\\/?s={search_term_string}\"},\"query-input\":{\"@type\":\"PropertyValueSpecification\",\"valueRequired\":true,\"valueName\":\"search_term_string\"}}],\"inLanguage\":\"pt-BR\"},{\"@type\":\"Organization\",\"@id\":\"https:\\\/\\\/mendozafacil.com.ar\\\/#organization\",\"name\":\"Mendoza Facil\",\"url\":\"https:\\\/\\\/mendozafacil.com.ar\\\/\",\"logo\":{\"@type\":\"ImageObject\",\"inLanguage\":\"pt-BR\",\"@id\":\"https:\\\/\\\/mendozafacil.com.ar\\\/#\\\/schema\\\/logo\\\/image\\\/\",\"url\":\"https:\\\/\\\/mendozafacil.com.ar\\\/wp-content\\\/uploads\\\/2023\\\/09\\\/logooficial2.png\",\"contentUrl\":\"https:\\\/\\\/mendozafacil.com.ar\\\/wp-content\\\/uploads\\\/2023\\\/09\\\/logooficial2.png\",\"width\":544,\"height\":222,\"caption\":\"Mendoza Facil\"},\"image\":{\"@id\":\"https:\\\/\\\/mendozafacil.com.ar\\\/#\\\/schema\\\/logo\\\/image\\\/\"},\"sameAs\":[\"https:\\\/\\\/www.facebook.com\\\/people\\\/Mendoza-Fcil\\\/61551577191815\\\/?sk=about\",\"https:\\\/\\\/www.instagram.com\\\/mendozafacil\\\/\"]},{\"@type\":\"Person\",\"@id\":\"https:\\\/\\\/mendozafacil.com.ar\\\/#\\\/schema\\\/person\\\/6df076c222eafcf5ef8e436c4e1acb9c\",\"name\":\"charles\",\"sameAs\":[\"http:\\\/\\\/localhost:81\\\/mendozafacil\"],\"url\":\"https:\\\/\\\/mendozafacil.com.ar\\\/pt-br\\\/author\\\/charles\\\/\"}]}<\/script>\n<!-- \/ Yoast SEO plugin. -->","yoast_head_json":{"title":"Posada Salentein: Um Ref\u00fagio \u00danico no Cora\u00e7\u00e3o do Vale de Uco - Mendoza F\u00e1cil","description":"A Posada Salentein em Mendoza oferece conforto, gastronomia e natureza em um ambiente \u00fanico, ideal para uma experi\u00eancia inesquec\u00edvel.","robots":{"index":"index","follow":"follow","max-snippet":"max-snippet:-1","max-image-preview":"max-image-preview:large","max-video-preview":"max-video-preview:-1"},"canonical":"https:\/\/mendozafacil.com.ar\/pt-br\/posada-salentein\/","og_locale":"pt_BR","og_type":"article","og_title":"Posada Salentein: Um Ref\u00fagio \u00danico no Cora\u00e7\u00e3o do Vale de Uco - Mendoza F\u00e1cil","og_description":"A Posada Salentein em Mendoza oferece conforto, gastronomia e natureza em um ambiente \u00fanico, ideal para uma experi\u00eancia inesquec\u00edvel.","og_url":"https:\/\/mendozafacil.com.ar\/pt-br\/posada-salentein\/","og_site_name":"Mendoza F\u00e1cil","article_publisher":"https:\/\/www.facebook.com\/people\/Mendoza-Fcil\/61551577191815\/?sk=about","article_published_time":"2025-03-28T09:25:02+00:00","article_modified_time":"2025-12-13T23:06:11+00:00","og_image":[{"width":1000,"height":600,"url":"https:\/\/mendozafacil.com.ar\/wp-content\/uploads\/2025\/03\/Posada-Salentein-Un-Refugio-Unico-en-el-Corazon-del-Valle-de-Uco.jpg","type":"image\/jpeg"}],"author":"charles","twitter_card":"summary_large_image","twitter_misc":{"Escrito por":"charles","Est. tempo de leitura":"3 minutos"},"schema":{"@context":"https:\/\/schema.org","@graph":[{"@type":"Article","@id":"https:\/\/mendozafacil.com.ar\/pt-br\/posada-salentein\/#article","isPartOf":{"@id":"https:\/\/mendozafacil.com.ar\/pt-br\/posada-salentein\/"},"author":{"name":"charles","@id":"https:\/\/mendozafacil.com.ar\/#\/schema\/person\/6df076c222eafcf5ef8e436c4e1acb9c"},"headline":"Posada Salentein: Um Ref\u00fagio \u00danico no Cora\u00e7\u00e3o do Vale de Uco","datePublished":"2025-03-28T09:25:02+00:00","dateModified":"2025-12-13T23:06:11+00:00","mainEntityOfPage":{"@id":"https:\/\/mendozafacil.com.ar\/pt-br\/posada-salentein\/"},"wordCount":580,"publisher":{"@id":"https:\/\/mendozafacil.com.ar\/#organization"},"image":{"@id":"https:\/\/mendozafacil.com.ar\/pt-br\/posada-salentein\/#primaryimage"},"thumbnailUrl":"https:\/\/mendozafacil.com.ar\/wp-content\/uploads\/2025\/03\/Posada-Salentein-Un-Refugio-Unico-en-el-Corazon-del-Valle-de-Uco.jpg","articleSection":["Hotel"],"inLanguage":"pt-BR"},{"@type":"WebPage","@id":"https:\/\/mendozafacil.com.ar\/pt-br\/posada-salentein\/","url":"https:\/\/mendozafacil.com.ar\/pt-br\/posada-salentein\/","name":"Posada Salentein: Um Ref\u00fagio \u00danico no Cora\u00e7\u00e3o do Vale de Uco - Mendoza F\u00e1cil","isPartOf":{"@id":"https:\/\/mendozafacil.com.ar\/#website"},"primaryImageOfPage":{"@id":"https:\/\/mendozafacil.com.ar\/pt-br\/posada-salentein\/#primaryimage"},"image":{"@id":"https:\/\/mendozafacil.com.ar\/pt-br\/posada-salentein\/#primaryimage"},"thumbnailUrl":"https:\/\/mendozafacil.com.ar\/wp-content\/uploads\/2025\/03\/Posada-Salentein-Un-Refugio-Unico-en-el-Corazon-del-Valle-de-Uco.jpg","datePublished":"2025-03-28T09:25:02+00:00","dateModified":"2025-12-13T23:06:11+00:00","description":"A Posada Salentein em Mendoza oferece conforto, gastronomia e natureza em um ambiente \u00fanico, ideal para uma experi\u00eancia inesquec\u00edvel.","breadcrumb":{"@id":"https:\/\/mendozafacil.com.ar\/pt-br\/posada-salentein\/#breadcrumb"},"inLanguage":"pt-BR","potentialAction":[{"@type":"ReadAction","target":["https:\/\/mendozafacil.com.ar\/pt-br\/posada-salentein\/"]}]},{"@type":"ImageObject","inLanguage":"pt-BR","@id":"https:\/\/mendozafacil.com.ar\/pt-br\/posada-salentein\/#primaryimage","url":"https:\/\/mendozafacil.com.ar\/wp-content\/uploads\/2025\/03\/Posada-Salentein-Un-Refugio-Unico-en-el-Corazon-del-Valle-de-Uco.jpg","contentUrl":"https:\/\/mendozafacil.com.ar\/wp-content\/uploads\/2025\/03\/Posada-Salentein-Un-Refugio-Unico-en-el-Corazon-del-Valle-de-Uco.jpg","width":1000,"height":600,"caption":"Posada Salentein Un Refugio \u00danico en el Coraz\u00f3n del Valle de Uco"},{"@type":"BreadcrumbList","@id":"https:\/\/mendozafacil.com.ar\/pt-br\/posada-salentein\/#breadcrumb","itemListElement":[{"@type":"ListItem","position":1,"name":"Portada","item":"https:\/\/mendozafacil.com.ar\/"},{"@type":"ListItem","position":2,"name":"Posada Salentein: Um Ref\u00fagio \u00danico no Cora\u00e7\u00e3o do Vale de Uco"}]},{"@type":"WebSite","@id":"https:\/\/mendozafacil.com.ar\/#website","url":"https:\/\/mendozafacil.com.ar\/","name":"Mendoza Facil","description":"Conozca Mendoza","publisher":{"@id":"https:\/\/mendozafacil.com.ar\/#organization"},"potentialAction":[{"@type":"SearchAction","target":{"@type":"EntryPoint","urlTemplate":"https:\/\/mendozafacil.com.ar\/?s={search_term_string}"},"query-input":{"@type":"PropertyValueSpecification","valueRequired":true,"valueName":"search_term_string"}}],"inLanguage":"pt-BR"},{"@type":"Organization","@id":"https:\/\/mendozafacil.com.ar\/#organization","name":"Mendoza Facil","url":"https:\/\/mendozafacil.com.ar\/","logo":{"@type":"ImageObject","inLanguage":"pt-BR","@id":"https:\/\/mendozafacil.com.ar\/#\/schema\/logo\/image\/","url":"https:\/\/mendozafacil.com.ar\/wp-content\/uploads\/2023\/09\/logooficial2.png","contentUrl":"https:\/\/mendozafacil.com.ar\/wp-content\/uploads\/2023\/09\/logooficial2.png","width":544,"height":222,"caption":"Mendoza Facil"},"image":{"@id":"https:\/\/mendozafacil.com.ar\/#\/schema\/logo\/image\/"},"sameAs":["https:\/\/www.facebook.com\/people\/Mendoza-Fcil\/61551577191815\/?sk=about","https:\/\/www.instagram.com\/mendozafacil\/"]},{"@type":"Person","@id":"https:\/\/mendozafacil.com.ar\/#\/schema\/person\/6df076c222eafcf5ef8e436c4e1acb9c","name":"charles","sameAs":["http:\/\/localhost:81\/mendozafacil"],"url":"https:\/\/mendozafacil.com.ar\/pt-br\/author\/charles\/"}]}},"_links":{"self":[{"href":"https:\/\/mendozafacil.com.ar\/pt-br\/wp-json\/wp\/v2\/posts\/20827","targetHints":{"allow":["GET"]}}],"collection":[{"href":"https:\/\/mendozafacil.com.ar\/pt-br\/wp-json\/wp\/v2\/posts"}],"about":[{"href":"https:\/\/mendozafacil.com.ar\/pt-br\/wp-json\/wp\/v2\/types\/post"}],"author":[{"embeddable":true,"href":"https:\/\/mendozafacil.com.ar\/pt-br\/wp-json\/wp\/v2\/users\/1"}],"replies":[{"embeddable":true,"href":"https:\/\/mendozafacil.com.ar\/pt-br\/wp-json\/wp\/v2\/comments?post=20827"}],"version-history":[{"count":0,"href":"https:\/\/mendozafacil.com.ar\/pt-br\/wp-json\/wp\/v2\/posts\/20827\/revisions"}],"wp:featuredmedia":[{"embeddable":true,"href":"https:\/\/mendozafacil.com.ar\/pt-br\/wp-json\/wp\/v2\/media\/28611"}],"wp:attachment":[{"href":"https:\/\/mendozafacil.com.ar\/pt-br\/wp-json\/wp\/v2\/media?parent=20827"}],"wp:term":[{"taxonomy":"category","embeddable":true,"href":"https:\/\/mendozafacil.com.ar\/pt-br\/wp-json\/wp\/v2\/categories?post=20827"},{"taxonomy":"post_tag","embeddable":true,"href":"https:\/\/mendozafacil.com.ar\/pt-br\/wp-json\/wp\/v2\/tags?post=20827"}],"curies":[{"name":"wp","href":"https:\/\/api.w.org\/{rel}","templated":true}]}}