{"id":7488,"date":"2023-10-03T23:44:47","date_gmt":"2023-10-04T02:44:47","guid":{"rendered":"https:\/\/mendozafacil.com.ar\/festival-nacional-da-tonada\/"},"modified":"2025-12-13T20:13:12","modified_gmt":"2025-12-13T23:13:12","slug":"festival-nacional-da-tonada-em-mendoza","status":"publish","type":"post","link":"https:\/\/mendozafacil.com.ar\/pt-br\/festival-nacional-da-tonada-em-mendoza\/","title":{"rendered":"Festival Nacional da Tonada em Mendoza"},"content":{"rendered":"\t\t<div data-elementor-type=\"wp-post\" data-elementor-id=\"7488\" class=\"elementor elementor-7488 elementor-2738\" data-elementor-settings=\"{&quot;ha_cmc_init_switcher&quot;:&quot;no&quot;}\" data-elementor-post-type=\"post\">\n\t\t\t\t<div class=\"elementor-element elementor-element-01ea41b e-flex e-con-boxed e-con e-parent\" data-id=\"01ea41b\" data-element_type=\"container\" data-e-type=\"container\" data-settings=\"{&quot;_ha_eqh_enable&quot;:false}\">\n\t\t\t\t\t<div class=\"e-con-inner\">\n\t\t\t\t<div class=\"elementor-element elementor-element-09da9e8 elementor-widget elementor-widget-heading\" data-id=\"09da9e8\" data-element_type=\"widget\" data-e-type=\"widget\" data-widget_type=\"heading.default\">\n\t\t\t\t\t<h2 class=\"elementor-heading-title elementor-size-default\">Celebrando a Riqueza Musical de Mendoza<\/h2>\t\t\t\t<\/div>\n\t\t\t\t<div class=\"elementor-element elementor-element-bdca3d6 elementor-widget elementor-widget-text-editor\" data-id=\"bdca3d6\" data-element_type=\"widget\" data-e-type=\"widget\" data-widget_type=\"text-editor.default\">\n\t\t\t\t\t\t\t\t\t<p><\/p>\n<div class=\"flex-1 overflow-hidden\">\n<div class=\"react-scroll-to-bottom--css-xiydo-79elbk h-full dark:bg-gray-800\">\n<div class=\"react-scroll-to-bottom--css-xiydo-1n7m0yu\">\n<div class=\"flex flex-col text-sm dark:bg-gray-800\">\n<div class=\"group w-full text-token-text-primary border-b border-black\/10 gizmo:border-0 dark:border-gray-900\/50 gizmo:dark:border-0 bg-gray-50 gizmo:bg-transparent dark:bg-[#444654] gizmo:dark:bg-transparent\" data-testid=\"conversation-turn-25\">\n<div class=\"p-4 justify-center text-base md:gap-6 md:py-6 m-auto\">\n<div class=\"flex flex-1 gap-4 text-base mx-auto md:gap-6 gizmo:gap-3 gizmo:md:px-5 gizmo:lg:px-1 gizmo:xl:px-5 md:max-w-2xl lg:max-w-[38rem] gizmo:md:max-w-3xl gizmo:lg:max-w-[40rem] gizmo:xl:max-w-[48rem] xl:max-w-3xl }\">\n<div class=\"relative flex w-[calc(100%-50px)] flex-col gap-1 gizmo:w-full md:gap-3 lg:w-[calc(100%-115px)] agent-turn\">\n<div class=\"flex flex-grow flex-col gap-3 max-w-full\">\n<div class=\"min-h-[20px] flex flex-col items-start gap-3 whitespace-pre-wrap break-words overflow-x-auto\">\n<div class=\"markdown prose w-full break-words dark:prose-invert light\">\n<p>Na pitoresca terra de Mendoza, Argentina, ocorre anualmente um evento cultural emblem\u00e1tico: o Festival Nacional da Tonada. Este festival, enriquecido com s\u00e9culos de tradi\u00e7\u00e3o musical, \u00e9 uma ode \u00e0 heran\u00e7a folcl\u00f3rica da regi\u00e3o. Neste artigo, vou gui\u00e1-lo por uma viagem informativa atrav\u00e9s deste evento vibrante, desde suas origens at\u00e9 como chegar e desfrutar desta experi\u00eancia cultural inesquec\u00edvel.<\/p>\n<p><em>Historia:<\/em> Hist\u00f3ria: O Festival Nacional da Tonada come\u00e7ou na d\u00e9cada de 1960 como uma iniciativa para preservar e celebrar a tradi\u00e7\u00e3o musical da tonada, um estilo de m\u00fasica folcl\u00f3rica tipicamente andino. Desde ent\u00e3o, cresceu at\u00e9 se tornar um dos eventos culturais mais importantes de Mendoza, atraindo m\u00fasicos, artistas e visitantes de todo o pa\u00eds. Este festival \u00e9 uma oportunidade para honrar as ra\u00edzes folcl\u00f3ricas da regi\u00e3o, bem como experimentar a riqueza musical da Argentina em sua forma mais aut\u00eantica.<\/p>\n<p><em>Quando Ir?<\/em> O Festival Nacional da Tonada geralmente ocorre em fevereiro de cada ano. A data exata pode variar, ent\u00e3o \u00e9 recomend\u00e1vel verificar o site oficial do festival para obter informa\u00e7\u00f5es atualizadas sobre as datas espec\u00edficas do evento.<\/p>\n<p><em>Como Chegar?<\/em> Para chegar ao Festival Nacional da Tonada, os visitantes podem voar para o Aeroporto Internacional Francisco Gabrielli (Aeroporto El Plumerillo) em Mendoza e depois pegar um t\u00e1xi ou transporte p\u00fablico at\u00e9 o local do evento. O festival costuma ter m\u00faltiplas sedes pela cidade, ent\u00e3o certifique-se de consultar o programa oficial para conhecer as localiza\u00e7\u00f5es exatas das apresenta\u00e7\u00f5es.<\/p>\n<p><em>Como Funciona?<\/em> O festival oferece uma experi\u00eancia inesquec\u00edvel, repleta de performances musicais ao vivo, dan\u00e7as folcl\u00f3ricas e atividades culturais. Os participantes podem desfrutar de concertos de artistas renomados da tonada, bem como competi\u00e7\u00f5es onde m\u00fasicos locais exibem suas habilidades musicais. Al\u00e9m das apresenta\u00e7\u00f5es no palco principal, o festival geralmente tamb\u00e9m conta com barracas de comida, artesanato e atividades para toda a fam\u00edlia, criando um ambiente festivo e acolhedor.<\/p>\n<p><em>Conclusi\u00f3n:<\/em> Conclus\u00e3o: O Festival Nacional da Tonada n\u00e3o \u00e9 apenas uma celebra\u00e7\u00e3o musical; \u00e9 uma homenagem apaixonada \u00e0s ricas tradi\u00e7\u00f5es de Mendoza e de toda a Argentina. Ao participar deste evento, os visitantes mergulham em um mundo de m\u00fasica, dan\u00e7a e cultura, levando consigo mem\u00f3rias inesquec\u00edveis da riqueza cultural da regi\u00e3o. Prepare-se para uma experi\u00eancia que encantar\u00e1 seus sentidos e enriquecer\u00e1 sua compreens\u00e3o da heran\u00e7a musical de Mendoza. Que voc\u00ea aproveite esta viagem inesquec\u00edvel ao cora\u00e7\u00e3o da m\u00fasica argentina!<\/p>\n<\/div>\n<\/div>\n<\/div>\n<\/div>\n<\/div>\n<\/div>\n<\/div>\n<\/div>\n<\/div>\n<\/div>\n<\/div>\n<p><\/p>\n\t\t\t\t\t\t\t\t<\/div>\n\t\t\t\t\t<\/div>\n\t\t\t\t<\/div>\n\t\t\t\t<\/div>\n\t\t","protected":false},"excerpt":{"rendered":"<p>Celebrando a Riqueza Musical de Mendoza Na pitoresca terra de Mendoza, Argentina, ocorre anualmente um evento cultural emblem\u00e1tico: o Festival Nacional da Tonada. Este festival, enriquecido com s\u00e9culos de tradi\u00e7\u00e3o musical, \u00e9 uma ode \u00e0 heran\u00e7a folcl\u00f3rica da regi\u00e3o. Neste artigo, vou gui\u00e1-lo por uma viagem informativa atrav\u00e9s deste evento vibrante, desde suas origens at\u00e9 [&hellip;]<\/p>\n","protected":false},"author":1,"featured_media":7128,"comment_status":"open","ping_status":"open","sticky":false,"template":"","format":"standard","meta":{"footnotes":""},"categories":[36],"tags":[],"class_list":["post-7488","post","type-post","status-publish","format-standard","has-post-thumbnail","hentry","category-eventos-3"],"yoast_head":"<!-- This site is optimized with the Yoast SEO plugin v27.4 - https:\/\/yoast.com\/product\/yoast-seo-wordpress\/ -->\n<title>Festival Nacional da Tonada em Mendoza - Mendoza F\u00e1cil<\/title>\n<meta name=\"description\" content=\"Festival Nacional da Tonada em Mendoza! M\u00fasica folcl\u00f3rica argentina com apresenta\u00e7\u00f5es ao vivo, dan\u00e7as e muita tradi\u00e7\u00e3o nesta festa vibrante.\" \/>\n<meta name=\"robots\" content=\"index, follow, max-snippet:-1, max-image-preview:large, max-video-preview:-1\" \/>\n<link rel=\"canonical\" href=\"https:\/\/mendozafacil.com.ar\/pt-br\/festival-nacional-da-tonada-em-mendoza\/\" \/>\n<meta property=\"og:locale\" content=\"pt_BR\" \/>\n<meta property=\"og:type\" content=\"article\" \/>\n<meta property=\"og:title\" content=\"Festival Nacional da Tonada em Mendoza - Mendoza F\u00e1cil\" \/>\n<meta property=\"og:description\" content=\"Festival Nacional da Tonada em Mendoza! M\u00fasica folcl\u00f3rica argentina com apresenta\u00e7\u00f5es ao vivo, dan\u00e7as e muita tradi\u00e7\u00e3o nesta festa vibrante.\" \/>\n<meta property=\"og:url\" content=\"https:\/\/mendozafacil.com.ar\/pt-br\/festival-nacional-da-tonada-em-mendoza\/\" \/>\n<meta property=\"og:site_name\" content=\"Mendoza F\u00e1cil\" \/>\n<meta property=\"article:publisher\" content=\"https:\/\/www.facebook.com\/people\/Mendoza-Fcil\/61551577191815\/?sk=about\" \/>\n<meta property=\"article:published_time\" content=\"2023-10-04T02:44:47+00:00\" \/>\n<meta property=\"article:modified_time\" content=\"2025-12-13T23:13:12+00:00\" \/>\n<meta property=\"og:image\" content=\"https:\/\/mendozafacil.com.ar\/wp-content\/uploads\/2023\/10\/tonada.webp\" \/>\n\t<meta property=\"og:image:width\" content=\"790\" \/>\n\t<meta property=\"og:image:height\" content=\"444\" \/>\n\t<meta property=\"og:image:type\" content=\"image\/webp\" \/>\n<meta name=\"author\" content=\"charles\" \/>\n<meta name=\"twitter:card\" content=\"summary_large_image\" \/>\n<meta name=\"twitter:label1\" content=\"Escrito por\" \/>\n\t<meta name=\"twitter:data1\" content=\"charles\" \/>\n\t<meta name=\"twitter:label2\" content=\"Est. tempo de leitura\" \/>\n\t<meta name=\"twitter:data2\" content=\"2 minutos\" \/>\n<script type=\"application\/ld+json\" class=\"yoast-schema-graph\">{\"@context\":\"https:\\\/\\\/schema.org\",\"@graph\":[{\"@type\":\"Article\",\"@id\":\"https:\\\/\\\/mendozafacil.com.ar\\\/pt-br\\\/festival-nacional-da-tonada-em-mendoza\\\/#article\",\"isPartOf\":{\"@id\":\"https:\\\/\\\/mendozafacil.com.ar\\\/pt-br\\\/festival-nacional-da-tonada-em-mendoza\\\/\"},\"author\":{\"name\":\"charles\",\"@id\":\"https:\\\/\\\/mendozafacil.com.ar\\\/#\\\/schema\\\/person\\\/6df076c222eafcf5ef8e436c4e1acb9c\"},\"headline\":\"Festival Nacional da Tonada em Mendoza\",\"datePublished\":\"2023-10-04T02:44:47+00:00\",\"dateModified\":\"2025-12-13T23:13:12+00:00\",\"mainEntityOfPage\":{\"@id\":\"https:\\\/\\\/mendozafacil.com.ar\\\/pt-br\\\/festival-nacional-da-tonada-em-mendoza\\\/\"},\"wordCount\":444,\"commentCount\":0,\"publisher\":{\"@id\":\"https:\\\/\\\/mendozafacil.com.ar\\\/#organization\"},\"image\":{\"@id\":\"https:\\\/\\\/mendozafacil.com.ar\\\/pt-br\\\/festival-nacional-da-tonada-em-mendoza\\\/#primaryimage\"},\"thumbnailUrl\":\"https:\\\/\\\/mendozafacil.com.ar\\\/wp-content\\\/uploads\\\/2023\\\/10\\\/tonada.webp\",\"articleSection\":[\"eventos\"],\"inLanguage\":\"pt-BR\",\"potentialAction\":[{\"@type\":\"CommentAction\",\"name\":\"Comment\",\"target\":[\"https:\\\/\\\/mendozafacil.com.ar\\\/pt-br\\\/festival-nacional-da-tonada-em-mendoza\\\/#respond\"]}]},{\"@type\":\"WebPage\",\"@id\":\"https:\\\/\\\/mendozafacil.com.ar\\\/pt-br\\\/festival-nacional-da-tonada-em-mendoza\\\/\",\"url\":\"https:\\\/\\\/mendozafacil.com.ar\\\/pt-br\\\/festival-nacional-da-tonada-em-mendoza\\\/\",\"name\":\"Festival Nacional da Tonada em Mendoza - Mendoza F\u00e1cil\",\"isPartOf\":{\"@id\":\"https:\\\/\\\/mendozafacil.com.ar\\\/#website\"},\"primaryImageOfPage\":{\"@id\":\"https:\\\/\\\/mendozafacil.com.ar\\\/pt-br\\\/festival-nacional-da-tonada-em-mendoza\\\/#primaryimage\"},\"image\":{\"@id\":\"https:\\\/\\\/mendozafacil.com.ar\\\/pt-br\\\/festival-nacional-da-tonada-em-mendoza\\\/#primaryimage\"},\"thumbnailUrl\":\"https:\\\/\\\/mendozafacil.com.ar\\\/wp-content\\\/uploads\\\/2023\\\/10\\\/tonada.webp\",\"datePublished\":\"2023-10-04T02:44:47+00:00\",\"dateModified\":\"2025-12-13T23:13:12+00:00\",\"description\":\"Festival Nacional da Tonada em Mendoza! M\u00fasica folcl\u00f3rica argentina com apresenta\u00e7\u00f5es ao vivo, dan\u00e7as e muita tradi\u00e7\u00e3o nesta festa vibrante.\",\"breadcrumb\":{\"@id\":\"https:\\\/\\\/mendozafacil.com.ar\\\/pt-br\\\/festival-nacional-da-tonada-em-mendoza\\\/#breadcrumb\"},\"inLanguage\":\"pt-BR\",\"potentialAction\":[{\"@type\":\"ReadAction\",\"target\":[\"https:\\\/\\\/mendozafacil.com.ar\\\/pt-br\\\/festival-nacional-da-tonada-em-mendoza\\\/\"]}]},{\"@type\":\"ImageObject\",\"inLanguage\":\"pt-BR\",\"@id\":\"https:\\\/\\\/mendozafacil.com.ar\\\/pt-br\\\/festival-nacional-da-tonada-em-mendoza\\\/#primaryimage\",\"url\":\"https:\\\/\\\/mendozafacil.com.ar\\\/wp-content\\\/uploads\\\/2023\\\/10\\\/tonada.webp\",\"contentUrl\":\"https:\\\/\\\/mendozafacil.com.ar\\\/wp-content\\\/uploads\\\/2023\\\/10\\\/tonada.webp\",\"width\":790,\"height\":444,\"caption\":\"tonada en Mendoza\"},{\"@type\":\"BreadcrumbList\",\"@id\":\"https:\\\/\\\/mendozafacil.com.ar\\\/pt-br\\\/festival-nacional-da-tonada-em-mendoza\\\/#breadcrumb\",\"itemListElement\":[{\"@type\":\"ListItem\",\"position\":1,\"name\":\"Portada\",\"item\":\"https:\\\/\\\/mendozafacil.com.ar\\\/\"},{\"@type\":\"ListItem\",\"position\":2,\"name\":\"Festival Nacional da Tonada em Mendoza\"}]},{\"@type\":\"WebSite\",\"@id\":\"https:\\\/\\\/mendozafacil.com.ar\\\/#website\",\"url\":\"https:\\\/\\\/mendozafacil.com.ar\\\/\",\"name\":\"Mendoza Facil\",\"description\":\"Conozca Mendoza\",\"publisher\":{\"@id\":\"https:\\\/\\\/mendozafacil.com.ar\\\/#organization\"},\"potentialAction\":[{\"@type\":\"SearchAction\",\"target\":{\"@type\":\"EntryPoint\",\"urlTemplate\":\"https:\\\/\\\/mendozafacil.com.ar\\\/?s={search_term_string}\"},\"query-input\":{\"@type\":\"PropertyValueSpecification\",\"valueRequired\":true,\"valueName\":\"search_term_string\"}}],\"inLanguage\":\"pt-BR\"},{\"@type\":\"Organization\",\"@id\":\"https:\\\/\\\/mendozafacil.com.ar\\\/#organization\",\"name\":\"Mendoza Facil\",\"url\":\"https:\\\/\\\/mendozafacil.com.ar\\\/\",\"logo\":{\"@type\":\"ImageObject\",\"inLanguage\":\"pt-BR\",\"@id\":\"https:\\\/\\\/mendozafacil.com.ar\\\/#\\\/schema\\\/logo\\\/image\\\/\",\"url\":\"https:\\\/\\\/mendozafacil.com.ar\\\/wp-content\\\/uploads\\\/2023\\\/09\\\/logooficial2.png\",\"contentUrl\":\"https:\\\/\\\/mendozafacil.com.ar\\\/wp-content\\\/uploads\\\/2023\\\/09\\\/logooficial2.png\",\"width\":544,\"height\":222,\"caption\":\"Mendoza Facil\"},\"image\":{\"@id\":\"https:\\\/\\\/mendozafacil.com.ar\\\/#\\\/schema\\\/logo\\\/image\\\/\"},\"sameAs\":[\"https:\\\/\\\/www.facebook.com\\\/people\\\/Mendoza-Fcil\\\/61551577191815\\\/?sk=about\",\"https:\\\/\\\/www.instagram.com\\\/mendozafacil\\\/\"]},{\"@type\":\"Person\",\"@id\":\"https:\\\/\\\/mendozafacil.com.ar\\\/#\\\/schema\\\/person\\\/6df076c222eafcf5ef8e436c4e1acb9c\",\"name\":\"charles\",\"sameAs\":[\"http:\\\/\\\/localhost:81\\\/mendozafacil\"],\"url\":\"https:\\\/\\\/mendozafacil.com.ar\\\/pt-br\\\/author\\\/charles\\\/\"}]}<\/script>\n<!-- \/ Yoast SEO plugin. -->","yoast_head_json":{"title":"Festival Nacional da Tonada em Mendoza - Mendoza F\u00e1cil","description":"Festival Nacional da Tonada em Mendoza! M\u00fasica folcl\u00f3rica argentina com apresenta\u00e7\u00f5es ao vivo, dan\u00e7as e muita tradi\u00e7\u00e3o nesta festa vibrante.","robots":{"index":"index","follow":"follow","max-snippet":"max-snippet:-1","max-image-preview":"max-image-preview:large","max-video-preview":"max-video-preview:-1"},"canonical":"https:\/\/mendozafacil.com.ar\/pt-br\/festival-nacional-da-tonada-em-mendoza\/","og_locale":"pt_BR","og_type":"article","og_title":"Festival Nacional da Tonada em Mendoza - Mendoza F\u00e1cil","og_description":"Festival Nacional da Tonada em Mendoza! M\u00fasica folcl\u00f3rica argentina com apresenta\u00e7\u00f5es ao vivo, dan\u00e7as e muita tradi\u00e7\u00e3o nesta festa vibrante.","og_url":"https:\/\/mendozafacil.com.ar\/pt-br\/festival-nacional-da-tonada-em-mendoza\/","og_site_name":"Mendoza F\u00e1cil","article_publisher":"https:\/\/www.facebook.com\/people\/Mendoza-Fcil\/61551577191815\/?sk=about","article_published_time":"2023-10-04T02:44:47+00:00","article_modified_time":"2025-12-13T23:13:12+00:00","og_image":[{"width":790,"height":444,"url":"https:\/\/mendozafacil.com.ar\/wp-content\/uploads\/2023\/10\/tonada.webp","type":"image\/webp"}],"author":"charles","twitter_card":"summary_large_image","twitter_misc":{"Escrito por":"charles","Est. tempo de leitura":"2 minutos"},"schema":{"@context":"https:\/\/schema.org","@graph":[{"@type":"Article","@id":"https:\/\/mendozafacil.com.ar\/pt-br\/festival-nacional-da-tonada-em-mendoza\/#article","isPartOf":{"@id":"https:\/\/mendozafacil.com.ar\/pt-br\/festival-nacional-da-tonada-em-mendoza\/"},"author":{"name":"charles","@id":"https:\/\/mendozafacil.com.ar\/#\/schema\/person\/6df076c222eafcf5ef8e436c4e1acb9c"},"headline":"Festival Nacional da Tonada em Mendoza","datePublished":"2023-10-04T02:44:47+00:00","dateModified":"2025-12-13T23:13:12+00:00","mainEntityOfPage":{"@id":"https:\/\/mendozafacil.com.ar\/pt-br\/festival-nacional-da-tonada-em-mendoza\/"},"wordCount":444,"commentCount":0,"publisher":{"@id":"https:\/\/mendozafacil.com.ar\/#organization"},"image":{"@id":"https:\/\/mendozafacil.com.ar\/pt-br\/festival-nacional-da-tonada-em-mendoza\/#primaryimage"},"thumbnailUrl":"https:\/\/mendozafacil.com.ar\/wp-content\/uploads\/2023\/10\/tonada.webp","articleSection":["eventos"],"inLanguage":"pt-BR","potentialAction":[{"@type":"CommentAction","name":"Comment","target":["https:\/\/mendozafacil.com.ar\/pt-br\/festival-nacional-da-tonada-em-mendoza\/#respond"]}]},{"@type":"WebPage","@id":"https:\/\/mendozafacil.com.ar\/pt-br\/festival-nacional-da-tonada-em-mendoza\/","url":"https:\/\/mendozafacil.com.ar\/pt-br\/festival-nacional-da-tonada-em-mendoza\/","name":"Festival Nacional da Tonada em Mendoza - Mendoza F\u00e1cil","isPartOf":{"@id":"https:\/\/mendozafacil.com.ar\/#website"},"primaryImageOfPage":{"@id":"https:\/\/mendozafacil.com.ar\/pt-br\/festival-nacional-da-tonada-em-mendoza\/#primaryimage"},"image":{"@id":"https:\/\/mendozafacil.com.ar\/pt-br\/festival-nacional-da-tonada-em-mendoza\/#primaryimage"},"thumbnailUrl":"https:\/\/mendozafacil.com.ar\/wp-content\/uploads\/2023\/10\/tonada.webp","datePublished":"2023-10-04T02:44:47+00:00","dateModified":"2025-12-13T23:13:12+00:00","description":"Festival Nacional da Tonada em Mendoza! M\u00fasica folcl\u00f3rica argentina com apresenta\u00e7\u00f5es ao vivo, dan\u00e7as e muita tradi\u00e7\u00e3o nesta festa vibrante.","breadcrumb":{"@id":"https:\/\/mendozafacil.com.ar\/pt-br\/festival-nacional-da-tonada-em-mendoza\/#breadcrumb"},"inLanguage":"pt-BR","potentialAction":[{"@type":"ReadAction","target":["https:\/\/mendozafacil.com.ar\/pt-br\/festival-nacional-da-tonada-em-mendoza\/"]}]},{"@type":"ImageObject","inLanguage":"pt-BR","@id":"https:\/\/mendozafacil.com.ar\/pt-br\/festival-nacional-da-tonada-em-mendoza\/#primaryimage","url":"https:\/\/mendozafacil.com.ar\/wp-content\/uploads\/2023\/10\/tonada.webp","contentUrl":"https:\/\/mendozafacil.com.ar\/wp-content\/uploads\/2023\/10\/tonada.webp","width":790,"height":444,"caption":"tonada en Mendoza"},{"@type":"BreadcrumbList","@id":"https:\/\/mendozafacil.com.ar\/pt-br\/festival-nacional-da-tonada-em-mendoza\/#breadcrumb","itemListElement":[{"@type":"ListItem","position":1,"name":"Portada","item":"https:\/\/mendozafacil.com.ar\/"},{"@type":"ListItem","position":2,"name":"Festival Nacional da Tonada em Mendoza"}]},{"@type":"WebSite","@id":"https:\/\/mendozafacil.com.ar\/#website","url":"https:\/\/mendozafacil.com.ar\/","name":"Mendoza Facil","description":"Conozca Mendoza","publisher":{"@id":"https:\/\/mendozafacil.com.ar\/#organization"},"potentialAction":[{"@type":"SearchAction","target":{"@type":"EntryPoint","urlTemplate":"https:\/\/mendozafacil.com.ar\/?s={search_term_string}"},"query-input":{"@type":"PropertyValueSpecification","valueRequired":true,"valueName":"search_term_string"}}],"inLanguage":"pt-BR"},{"@type":"Organization","@id":"https:\/\/mendozafacil.com.ar\/#organization","name":"Mendoza Facil","url":"https:\/\/mendozafacil.com.ar\/","logo":{"@type":"ImageObject","inLanguage":"pt-BR","@id":"https:\/\/mendozafacil.com.ar\/#\/schema\/logo\/image\/","url":"https:\/\/mendozafacil.com.ar\/wp-content\/uploads\/2023\/09\/logooficial2.png","contentUrl":"https:\/\/mendozafacil.com.ar\/wp-content\/uploads\/2023\/09\/logooficial2.png","width":544,"height":222,"caption":"Mendoza Facil"},"image":{"@id":"https:\/\/mendozafacil.com.ar\/#\/schema\/logo\/image\/"},"sameAs":["https:\/\/www.facebook.com\/people\/Mendoza-Fcil\/61551577191815\/?sk=about","https:\/\/www.instagram.com\/mendozafacil\/"]},{"@type":"Person","@id":"https:\/\/mendozafacil.com.ar\/#\/schema\/person\/6df076c222eafcf5ef8e436c4e1acb9c","name":"charles","sameAs":["http:\/\/localhost:81\/mendozafacil"],"url":"https:\/\/mendozafacil.com.ar\/pt-br\/author\/charles\/"}]}},"_links":{"self":[{"href":"https:\/\/mendozafacil.com.ar\/pt-br\/wp-json\/wp\/v2\/posts\/7488","targetHints":{"allow":["GET"]}}],"collection":[{"href":"https:\/\/mendozafacil.com.ar\/pt-br\/wp-json\/wp\/v2\/posts"}],"about":[{"href":"https:\/\/mendozafacil.com.ar\/pt-br\/wp-json\/wp\/v2\/types\/post"}],"author":[{"embeddable":true,"href":"https:\/\/mendozafacil.com.ar\/pt-br\/wp-json\/wp\/v2\/users\/1"}],"replies":[{"embeddable":true,"href":"https:\/\/mendozafacil.com.ar\/pt-br\/wp-json\/wp\/v2\/comments?post=7488"}],"version-history":[{"count":0,"href":"https:\/\/mendozafacil.com.ar\/pt-br\/wp-json\/wp\/v2\/posts\/7488\/revisions"}],"wp:featuredmedia":[{"embeddable":true,"href":"https:\/\/mendozafacil.com.ar\/pt-br\/wp-json\/wp\/v2\/media\/7128"}],"wp:attachment":[{"href":"https:\/\/mendozafacil.com.ar\/pt-br\/wp-json\/wp\/v2\/media?parent=7488"}],"wp:term":[{"taxonomy":"category","embeddable":true,"href":"https:\/\/mendozafacil.com.ar\/pt-br\/wp-json\/wp\/v2\/categories?post=7488"},{"taxonomy":"post_tag","embeddable":true,"href":"https:\/\/mendozafacil.com.ar\/pt-br\/wp-json\/wp\/v2\/tags?post=7488"}],"curies":[{"name":"wp","href":"https:\/\/api.w.org\/{rel}","templated":true}]}}